{"id":3565,"date":"2015-05-31T16:54:52","date_gmt":"2015-05-31T16:54:52","guid":{"rendered":"https:\/\/royalblue-lion-209884.hostingersite.com\/?p=3565"},"modified":"2015-06-19T17:10:07","modified_gmt":"2015-06-19T17:10:07","slug":"brincadeira-nao-e-so-para-ocupar-o-tempo","status":"publish","type":"post","link":"https:\/\/contextos.com.br\/index.php\/brincadeira-nao-e-so-para-ocupar-o-tempo\/","title":{"rendered":"Brincadeira n\u00e3o \u00e9 s\u00f3 para ocupar o tempo"},"content":{"rendered":"<p><a href=\"http:\/\/www.tribunademinas.com.br\/brincadeira-nao-e-so-para-ocupar-o-tempo\/\" target=\"_blank\">http:\/\/www.tribunademinas.com.br\/brincadeira-nao-e-so-para-ocupar-o-tempo\/<\/a><\/p>\n<p><img fetchpriority=\"high\" decoding=\"async\" class=\"alignleft size-large wp-image-3566\" src=\"https:\/\/contextos.com.br\/wp-content\/uploads\/2015\/06\/smb032-1024x341.png\" alt=\"smb03\" width=\"600\" height=\"199\" srcset=\"https:\/\/contextos.com.br\/wp-content\/uploads\/2015\/06\/smb032-1024x341.png 1024w, https:\/\/contextos.com.br\/wp-content\/uploads\/2015\/06\/smb032-300x100.png 300w, https:\/\/contextos.com.br\/wp-content\/uploads\/2015\/06\/smb032-600x200.png 600w, https:\/\/contextos.com.br\/wp-content\/uploads\/2015\/06\/smb032-930x310.png 930w, https:\/\/contextos.com.br\/wp-content\/uploads\/2015\/06\/smb032.png 1033w\" sizes=\"(max-width: 600px) 100vw, 600px\" \/> <a href=\"https:\/\/contextos.com.br\/wp-content\/uploads\/2015\/06\/smb042.png\"><img decoding=\"async\" class=\"aligncenter size-large wp-image-3567\" src=\"https:\/\/contextos.com.br\/wp-content\/uploads\/2015\/06\/smb042.png\" alt=\"smb04\" width=\"600\" height=\"379\" srcset=\"https:\/\/contextos.com.br\/wp-content\/uploads\/2015\/06\/smb042.png 1014w, https:\/\/contextos.com.br\/wp-content\/uploads\/2015\/06\/smb042-300x189.png 300w, https:\/\/contextos.com.br\/wp-content\/uploads\/2015\/06\/smb042-600x379.png 600w, https:\/\/contextos.com.br\/wp-content\/uploads\/2015\/06\/smb042-930x588.png 930w, https:\/\/contextos.com.br\/wp-content\/uploads\/2015\/06\/smb042-631x400.png 631w\" sizes=\"(max-width: 600px) 100vw, 600px\" \/><\/a> <a href=\"https:\/\/contextos.com.br\/wp-content\/uploads\/2015\/06\/smb052.png\"><img decoding=\"async\" class=\"aligncenter size-large wp-image-3568\" src=\"https:\/\/contextos.com.br\/wp-content\/uploads\/2015\/06\/smb052.png\" alt=\"smb05\" width=\"600\" height=\"395\" srcset=\"https:\/\/contextos.com.br\/wp-content\/uploads\/2015\/06\/smb052.png 1017w, https:\/\/contextos.com.br\/wp-content\/uploads\/2015\/06\/smb052-300x197.png 300w, https:\/\/contextos.com.br\/wp-content\/uploads\/2015\/06\/smb052-600x395.png 600w, https:\/\/contextos.com.br\/wp-content\/uploads\/2015\/06\/smb052-930x613.png 930w, https:\/\/contextos.com.br\/wp-content\/uploads\/2015\/06\/smb052-606x400.png 606w\" sizes=\"(max-width: 600px) 100vw, 600px\" \/><\/a> <a href=\"https:\/\/contextos.com.br\/wp-content\/uploads\/2015\/06\/smb062.png\"><img loading=\"lazy\" decoding=\"async\" class=\"aligncenter size-large wp-image-3569\" src=\"https:\/\/contextos.com.br\/wp-content\/uploads\/2015\/06\/smb062.png\" alt=\"smb06\" width=\"600\" height=\"251\" srcset=\"https:\/\/contextos.com.br\/wp-content\/uploads\/2015\/06\/smb062.png 1023w, https:\/\/contextos.com.br\/wp-content\/uploads\/2015\/06\/smb062-300x125.png 300w, https:\/\/contextos.com.br\/wp-content\/uploads\/2015\/06\/smb062-600x251.png 600w, https:\/\/contextos.com.br\/wp-content\/uploads\/2015\/06\/smb062-930x389.png 930w, https:\/\/contextos.com.br\/wp-content\/uploads\/2015\/06\/smb062-956x400.png 956w\" sizes=\"(max-width: 600px) 100vw, 600px\" \/><\/a><\/p>\n","protected":false},"excerpt":{"rendered":"<p>http:\/\/www.tribunademinas.com.br\/brincadeira-nao-e-so-para-ocupar-o-tempo\/<\/p>\n","protected":false},"author":1,"featured_media":0,"comment_status":"open","ping_status":"open","sticky":false,"template":"","format":"standard","meta":{"footnotes":""},"categories":[159,160],"tags":[],"class_list":["post-3565","post","type-post","status-publish","format-standard","hentry","category-clippings-2","category-semana-mundial-do-brincar-2"],"aioseo_notices":[],"_links":{"self":[{"href":"https:\/\/contextos.com.br\/index.php\/wp-json\/wp\/v2\/posts\/3565","targetHints":{"allow":["GET"]}}],"collection":[{"href":"https:\/\/contextos.com.br\/index.php\/wp-json\/wp\/v2\/posts"}],"about":[{"href":"https:\/\/contextos.com.br\/index.php\/wp-json\/wp\/v2\/types\/post"}],"author":[{"embeddable":true,"href":"https:\/\/contextos.com.br\/index.php\/wp-json\/wp\/v2\/users\/1"}],"replies":[{"embeddable":true,"href":"https:\/\/contextos.com.br\/index.php\/wp-json\/wp\/v2\/comments?post=3565"}],"version-history":[{"count":1,"href":"https:\/\/contextos.com.br\/index.php\/wp-json\/wp\/v2\/posts\/3565\/revisions"}],"predecessor-version":[{"id":3570,"href":"https:\/\/contextos.com.br\/index.php\/wp-json\/wp\/v2\/posts\/3565\/revisions\/3570"}],"wp:attachment":[{"href":"https:\/\/contextos.com.br\/index.php\/wp-json\/wp\/v2\/media?parent=3565"}],"wp:term":[{"taxonomy":"category","embeddable":true,"href":"https:\/\/contextos.com.br\/index.php\/wp-json\/wp\/v2\/categories?post=3565"},{"taxonomy":"post_tag","embeddable":true,"href":"https:\/\/contextos.com.br\/index.php\/wp-json\/wp\/v2\/tags?post=3565"}],"curies":[{"name":"wp","href":"https:\/\/api.w.org\/{rel}","templated":true}]}}