{"id":2470,"date":"2014-03-28T01:02:21","date_gmt":"2014-03-28T01:02:21","guid":{"rendered":"https:\/\/royalblue-lion-209884.hostingersite.com\/?p=2470"},"modified":"2014-03-28T01:02:21","modified_gmt":"2014-03-28T01:02:21","slug":"piquenique-na-praca","status":"publish","type":"post","link":"https:\/\/contextos.com.br\/index.php\/piquenique-na-praca\/","title":{"rendered":"Piquenique na pra\u00e7a"},"content":{"rendered":"<p>Atividade gratuita re\u00fane fam\u00edlia e amigos. Nesta edi\u00e7\u00e3o, brincadeiras dan\u00e7antes prometem sensibilizar e estimular os corpos de crian\u00e7as e adultos<\/p>\n<p><span style=\"line-height: 1.5em;\">A Casa do Brincar realiza no pr\u00f3ximo domingo (30), das 10h \u00e0s 12h, mais um\u00a0piquenique na Pra\u00e7a Adolpho Bloch, no Jardim Europa (entre as ruas Col\u00f4mbia e Peru). Nesta edi\u00e7\u00e3o, o tema ser\u00e1 brincadeiras dan\u00e7antes comandadas por Ana Vitoria Bella, professora de introdu\u00e7\u00e3o \u00e0 dan\u00e7a na Casa do Brincar. O objetivo \u00e9 sensibilizar e estimular os corpos de crian\u00e7as e adultos, brincando de dan\u00e7ar com muita imagina\u00e7\u00e3o e carinho.<\/span><\/p>\n<p>A programa\u00e7\u00e3o \u00e9 livre e gratuita e n\u00e3o precisa fazer inscri\u00e7\u00e3o.\u00a0A Casa do Brincar recomenda que todos levem protetor solar, sua comidinha, suco e toalha (para sentar).<\/p>\n<p>A proposta \u00e9 brincar e conviver nessa aconchegante pra\u00e7a, aproveitar o ar livre, al\u00e9m de rever e fazer amigos.<\/p>\n<p>IMPORTANTE: em caso de chuva a data ser\u00e1 remarcada e avisaremos no site\u00a0<a href=\"http:\/\/www.cmacomunicacao.com.br\/\/listen\/redirect_auto.php?rd=1609942&amp;cda=22015544&amp;ml=contato@royalblue-lion-209884.hostingersite.com\">www.casadobrincar.com.br<\/a>\u00a0e no Facebook.<\/p>\n<p>Servi\u00e7o:<br \/>\nPiquenique da Casa do Brincar<br \/>\nPra\u00e7a Adolpho Bloch, no Jardim Europa (Entre as ruas Col\u00f4mbia e Peru)<br \/>\nDomingo, 30 de mar\u00e7o, das 10h \u00e0s 12h.<br \/>\n<strong>Entrada gratuita<\/strong><\/p>\n<p><strong>Sobre a Casa do Brincar<\/strong>\u00a0&#8211;\u00a0A Casa do Brincar \u00e9 um espa\u00e7o no qual crian\u00e7as de seis meses a cinco anos vivenciam experi\u00eancias diferenciadas daquelas proporcionadas nas atividades di\u00e1rias, a partir\u00a0 de brincadeiras e atividades divertidas e inteligentes, como aulas de musicaliza\u00e7\u00e3o infantil, artes, conta\u00e7\u00e3o de hist\u00f3rias, capoeira, culin\u00e1ria e oficinas. Seu diferencial \u00e9 a flexibilidade de hor\u00e1rios. Com pacotes de horas e sem agendamento pr\u00e9vio, as m\u00e3es podem encaixar seu tempo livre para entrar no universo da crian\u00e7a e interagir com ela. A Casa do Brincar funciona de segunda a sexta das 9h \u00e0s 18h e as atividades s\u00e3o distribu\u00eddas em blocos de trinta a sessenta minutos. A programa\u00e7\u00e3o tamb\u00e9m conta com noites especiais, nas quais acontecem as festas do pijama e acampamentos. J\u00e1 nos finais de semana, o espa\u00e7o vira palco de deliciosas festas. Na sua infraestrutura, o espa\u00e7o oferece tanque de areia, parede de escalada, circuitos e espa\u00e7os para brincar com tinta e \u00e1gua.\u00a0Mais informa\u00e7\u00f5es acesse:\u00a0<a href=\"http:\/\/www.cmacomunicacao.com.br\/\/listen\/redirect_auto.php?rd=1609943&amp;cda=22015544&amp;ml=contato@royalblue-lion-209884.hostingersite.com\">www.casadobrincar.com.br<\/a><\/p>\n","protected":false},"excerpt":{"rendered":"<p>Atividade gratuita re\u00fane fam\u00edlia e amigos. Nesta edi\u00e7\u00e3o, brincadeiras dan\u00e7antes prometem sensibilizar e estimular os corpos de crian\u00e7as e adultos A Casa do Brincar realiza no pr\u00f3ximo domingo (30), das 10h \u00e0s 12h, mais um\u00a0piquenique na Pra\u00e7a Adolpho Bloch, no Jardim Europa (entre as ruas Col\u00f4mbia e Peru). Nesta edi\u00e7\u00e3o, o tema ser\u00e1 brincadeiras dan\u00e7antes [&hellip;]<\/p>\n","protected":false},"author":1,"featured_media":2471,"comment_status":"open","ping_status":"open","sticky":false,"template":"","format":"standard","meta":{"footnotes":""},"categories":[10,6],"tags":[],"class_list":["post-2470","post","type-post","status-publish","format-standard","has-post-thumbnail","hentry","category-casa-do-brincar","category-sala-imprensa"],"aioseo_notices":[],"_links":{"self":[{"href":"https:\/\/contextos.com.br\/index.php\/wp-json\/wp\/v2\/posts\/2470","targetHints":{"allow":["GET"]}}],"collection":[{"href":"https:\/\/contextos.com.br\/index.php\/wp-json\/wp\/v2\/posts"}],"about":[{"href":"https:\/\/contextos.com.br\/index.php\/wp-json\/wp\/v2\/types\/post"}],"author":[{"embeddable":true,"href":"https:\/\/contextos.com.br\/index.php\/wp-json\/wp\/v2\/users\/1"}],"replies":[{"embeddable":true,"href":"https:\/\/contextos.com.br\/index.php\/wp-json\/wp\/v2\/comments?post=2470"}],"version-history":[{"count":1,"href":"https:\/\/contextos.com.br\/index.php\/wp-json\/wp\/v2\/posts\/2470\/revisions"}],"predecessor-version":[{"id":2472,"href":"https:\/\/contextos.com.br\/index.php\/wp-json\/wp\/v2\/posts\/2470\/revisions\/2472"}],"wp:featuredmedia":[{"embeddable":true,"href":"https:\/\/contextos.com.br\/index.php\/wp-json\/wp\/v2\/media\/2471"}],"wp:attachment":[{"href":"https:\/\/contextos.com.br\/index.php\/wp-json\/wp\/v2\/media?parent=2470"}],"wp:term":[{"taxonomy":"category","embeddable":true,"href":"https:\/\/contextos.com.br\/index.php\/wp-json\/wp\/v2\/categories?post=2470"},{"taxonomy":"post_tag","embeddable":true,"href":"https:\/\/contextos.com.br\/index.php\/wp-json\/wp\/v2\/tags?post=2470"}],"curies":[{"name":"wp","href":"https:\/\/api.w.org\/{rel}","templated":true}]}}