{"id":2033,"date":"2013-08-20T16:14:10","date_gmt":"2013-08-20T16:14:10","guid":{"rendered":"http:\/\/www.lufantaccini.com.br\/?p=2033"},"modified":"2013-08-20T16:14:10","modified_gmt":"2013-08-20T16:14:10","slug":"radicional-feira-de-discos-de-vinil-de-sao-paulo-ganha-a-sua-quarta-edicao-do-ano","status":"publish","type":"post","link":"https:\/\/contextos.com.br\/index.php\/radicional-feira-de-discos-de-vinil-de-sao-paulo-ganha-a-sua-quarta-edicao-do-ano\/","title":{"rendered":"Tradicional Feira de Discos de Vinil de S\u00e3o Paulo ganha a sua quarta edi\u00e7\u00e3o do ano"},"content":{"rendered":"<p>Feira acontece no domingo, dia 1 de setembro, no bairro de Pinheiros.<\/p>\n<p>A tradicional <b>Feira de Discos de Vinil de S\u00e3o Paulo<\/b>, que j\u00e1 aconteceu em diversos bairros da cidade como Perdizes, Vila Madalena, Baixo Augusta, Centro e Jardins, ganha a sua quarta edi\u00e7\u00e3o do ano de 2013, desta vez no <b>Ch\u00e1cara Santa Cec\u00edlia<\/b>, localizado no bairro de Pinheiros.<\/p>\n<p>O evento, que re\u00fane em m\u00e9dia mil pessoas por edi\u00e7\u00e3o, engloba cultura, passeio, consumo e m\u00fasica. \u00c9 sem d\u00favida um \u00f3timo programa cultural para o domingo. A entrada \u00e9 gratuita e pode levar\u00a0 as crian\u00e7as. H\u00e1 tamb\u00e9m servi\u00e7o de restaurante e bar. O local conta ainda com uma excelente \u00e1rea arborizada, que remete de fato a uma ch\u00e1cara. \u00c9 sem d\u00favida um dos locais mais interessantes e agrad\u00e1veis da cidade.<\/p>\n<p>A ideia principal \u00e9 n\u00e3o restringir a feira somente ao pequeno nicho de colecionadores, mas tamb\u00e9m dar espa\u00e7o ao grande p\u00fablico e para os jovens que procuram lan\u00e7amentos atuais em discos de vinil. Novos e velhos colecionadores celebrando a cultura e o ritual do disco de vinil. Haver\u00e1 LPs para todos os gostos e todos os bolsos!<\/p>\n<p>** Mais de 60 expositores entre lojas, sebos, colecionadores e vendedores especializados.<br \/>\n** O p\u00fablico pode levar por volta de 50 LPs usados para venda ou troca somente com os expositores.<\/p>\n<p>A mat\u00e9ria do jornal <b>O Globo<\/b> de agosto de 2013 indica que o Brasil est\u00e1 seguindo a tend\u00eancia mundial, e a venda de discos de vinil cresce a cada ano no pa\u00eds.<br \/>\nLeia aqui: <a href=\"http:\/\/oglobo.globo.com\/cultura\/seguindo-tendencia-mundial-venda-de-discos-de-vinil-cresce-no-brasil-9344115\">http:\/\/oglobo.globo.com\/cultura\/seguindo-tendencia-mundial-venda-de-discos-de-vinil-cresce-no-brasil-9344115<\/a><\/p>\n<p>Uma pesquisa feita por uma empresa americana, a <b>Nielsen SoundScan<\/b>, mostrou que as vendas de disco em vinil aumentaram 14% em 2010 com rela\u00e7\u00e3o ao ano anterior. Ao todo foram comercializados aproximadamente 2,8 milh\u00f5es de \u00e1lbuns e, desde 1991, as vendas de LPs n\u00e3o haviam atingido tal \u00edndice.<\/p>\n<p>Servi\u00e7o:<\/p>\n<p><b>FEIRA DE DISCOS EM S\u00c3O PAULO (Pinheiros)<\/b><br \/>\nDomingo, 1 de setembro.<br \/>\n11h \u00e0s 20h &#8211; Entrada gr\u00e1tis.<br \/>\nDiscos usados &amp; novos &#8211; Compra, venda, troca.<br \/>\nROCK, SOUL, JAZZ, MPB, INDIE, PUNK, METAL, WORLD MUSIC<\/p>\n<p><b>Local: CH\u00c1CARA SANTA CEC\u00cdLIA<br \/>\nRua Ferreira de Ara\u00fajo, 601<br \/>\nMetr\u00f4: Pinheiros<br \/>\nInforma\u00e7\u00f5es sobre o local: 11 3034-6251<br \/>\nInforma\u00e7\u00f5es sobre o evento: 11 98030 2255<\/b><\/p>\n<p>E-mail: <a href=\"mailto:feiradediscos.sp@gmail.com\">feiradediscos.sp@gmail.com<\/a><\/p>\n<p>Site: <a href=\"http:\/\/feiradediscos.tumblr.com\/\">http:\/\/feiradediscos.tumblr.com\/<\/a><\/p>\n<p>&nbsp;<\/p>\n<p><b>FOTOS PROMOCIONAIS EM ALTA<\/b><\/p>\n<p>&#8211; Fotos por LUIZ CAMPOS JR.<br \/>\n<a href=\"http:\/\/www.flickr.com\/photos\/61729926@N08\/7971709540\/sizes\/k\/in\/photostream\/\">http:\/\/www.flickr.com\/photos\/61729926@N08\/7971709540\/sizes\/k\/in\/photostream\/<\/a><br \/>\n<a href=\"http:\/\/www.flickr.com\/photos\/61729926@N08\/7971801814\/sizes\/k\/in\/photostream\/\">http:\/\/www.flickr.com\/photos\/61729926@N08\/7971801814\/sizes\/k\/in\/photostream\/<\/a><br \/>\n<a href=\"http:\/\/www.flickr.com\/photos\/61729926@N08\/7971607136\/sizes\/k\/in\/photostream\/\">http:\/\/www.flickr.com\/photos\/61729926@N08\/7971607136\/sizes\/k\/in\/photostream\/<\/a><\/p>\n<p>&#8211; Fotos por RENATO CUST\u00d3DIO<br \/>\n<a href=\"http:\/\/www.flickr.com\/photos\/61729926@N08\/5933939250\/sizes\/l\/in\/photostream\/\">http:\/\/www.flickr.com\/photos\/61729926@N08\/5933939250\/sizes\/l\/in\/photostream\/<\/a><br \/>\n<a href=\"http:\/\/www.flickr.com\/photos\/61729926@N08\/7393626524\/sizes\/l\/in\/photostream\/\">http:\/\/www.flickr.com\/photos\/61729926@N08\/7393626524\/sizes\/l\/in\/photostream\/<\/a><br \/>\n<a href=\"http:\/\/www.flickr.com\/photos\/61729926@N08\/7393627444\/sizes\/l\/in\/photostream\/\">http:\/\/www.flickr.com\/photos\/61729926@N08\/7393627444\/sizes\/l\/in\/photostream\/<\/a><br \/>\n<a href=\"http:\/\/www.flickr.com\/photos\/61729926@N08\/7393628440\/sizes\/l\/in\/photostream\/\">http:\/\/www.flickr.com\/photos\/61729926@N08\/7393628440\/sizes\/l\/in\/photostream\/<\/a><br \/>\n<a href=\"http:\/\/www.flickr.com\/photos\/61729926@N08\/7393629448\/sizes\/l\/in\/photostream\/\">http:\/\/www.flickr.com\/photos\/61729926@N08\/7393629448\/sizes\/l\/in\/photostream\/<\/a><br \/>\n<a href=\"http:\/\/www.flickr.com\/photos\/61729926@N08\/7393630542\/sizes\/l\/in\/photostream\/\">http:\/\/www.flickr.com\/photos\/61729926@N08\/7393630542\/sizes\/l\/in\/photostream\/<\/a><br \/>\n<a href=\"http:\/\/www.flickr.com\/photos\/61729926@N08\/7393631348\/sizes\/l\/in\/photostream\/\">http:\/\/www.flickr.com\/photos\/61729926@N08\/7393631348\/sizes\/l\/in\/photostream\/<\/a><br \/>\n<a href=\"http:\/\/www.flickr.com\/photos\/61729926@N08\/7393632444\/sizes\/l\/in\/photostream\/\">http:\/\/www.flickr.com\/photos\/61729926@N08\/7393632444\/sizes\/l\/in\/photostream\/<\/a><br \/>\n<a href=\"http:\/\/www.flickr.com\/photos\/61729926@N08\/7393633746\/sizes\/l\/in\/photostream\/\">http:\/\/www.flickr.com\/photos\/61729926@N08\/7393633746\/sizes\/l\/in\/photostream\/<\/a><\/p>\n","protected":false},"excerpt":{"rendered":"<p>Feira acontece no domingo, dia 1 de setembro, no bairro de Pinheiros. A tradicional Feira de Discos de Vinil de S\u00e3o Paulo, que j\u00e1 aconteceu em diversos bairros da cidade como Perdizes, Vila Madalena, Baixo Augusta, Centro e Jardins, ganha a sua quarta edi\u00e7\u00e3o do ano de 2013, desta vez no Ch\u00e1cara Santa Cec\u00edlia, localizado [&hellip;]<\/p>\n","protected":false},"author":1,"featured_media":2034,"comment_status":"open","ping_status":"open","sticky":false,"template":"","format":"standard","meta":{"footnotes":""},"categories":[11,6],"tags":[42,54],"class_list":["post-2033","post","type-post","status-publish","format-standard","has-post-thumbnail","hentry","category-chacara-santa-cecilia","category-sala-imprensa","tag-chacara-santa-cecilia-2","tag-feira-de-discos"],"aioseo_notices":[],"_links":{"self":[{"href":"https:\/\/contextos.com.br\/index.php\/wp-json\/wp\/v2\/posts\/2033","targetHints":{"allow":["GET"]}}],"collection":[{"href":"https:\/\/contextos.com.br\/index.php\/wp-json\/wp\/v2\/posts"}],"about":[{"href":"https:\/\/contextos.com.br\/index.php\/wp-json\/wp\/v2\/types\/post"}],"author":[{"embeddable":true,"href":"https:\/\/contextos.com.br\/index.php\/wp-json\/wp\/v2\/users\/1"}],"replies":[{"embeddable":true,"href":"https:\/\/contextos.com.br\/index.php\/wp-json\/wp\/v2\/comments?post=2033"}],"version-history":[{"count":0,"href":"https:\/\/contextos.com.br\/index.php\/wp-json\/wp\/v2\/posts\/2033\/revisions"}],"wp:featuredmedia":[{"embeddable":true,"href":"https:\/\/contextos.com.br\/index.php\/wp-json\/wp\/v2\/media\/2034"}],"wp:attachment":[{"href":"https:\/\/contextos.com.br\/index.php\/wp-json\/wp\/v2\/media?parent=2033"}],"wp:term":[{"taxonomy":"category","embeddable":true,"href":"https:\/\/contextos.com.br\/index.php\/wp-json\/wp\/v2\/categories?post=2033"},{"taxonomy":"post_tag","embeddable":true,"href":"https:\/\/contextos.com.br\/index.php\/wp-json\/wp\/v2\/tags?post=2033"}],"curies":[{"name":"wp","href":"https:\/\/api.w.org\/{rel}","templated":true}]}}